{"id":6672,"date":"2021-03-08T11:07:24","date_gmt":"2021-03-08T10:07:24","guid":{"rendered":"https:\/\/interacso.com\/blog\/?p=6672"},"modified":"2021-03-08T11:07:24","modified_gmt":"2021-03-08T10:07:24","slug":"la-diversidad-mas-alla-del-numero","status":"publish","type":"post","link":"https:\/\/interacso.com\/blog\/2021\/03\/08\/la-diversidad-mas-alla-del-numero\/","title":{"rendered":"La diversidad m\u00e1s all\u00e1 del n\u00famero"},"content":{"rendered":"[vc_row type=\u00bbin_container\u00bb full_screen_row_position=\u00bbmiddle\u00bb scene_position=\u00bbcenter\u00bb text_color=\u00bbdark\u00bb text_align=\u00bbleft\u00bb class=\u00bbpost-row-center\u00bb overlay_strength=\u00bb0.3&#8243; shape_divider_position=\u00bbbottom\u00bb bg_image_animation=\u00bbnone\u00bb shape_type=\u00bb\u00bb][vc_column column_padding=\u00bbno-extra-padding\u00bb column_padding_position=\u00bball\u00bb background_color_opacity=\u00bb1&#8243; background_hover_color_opacity=\u00bb1&#8243; column_link_target=\u00bb_self\u00bb column_shadow=\u00bbnone\u00bb column_border_radius=\u00bbnone\u00bb width=\u00bb4\/5&#8243; tablet_width_inherit=\u00bbdefault\u00bb tablet_text_alignment=\u00bbdefault\u00bb phone_text_alignment=\u00bbdefault\u00bb column_border_width=\u00bbnone\u00bb column_border_style=\u00bbsolid\u00bb bg_image_animation=\u00bbnone\u00bb][vc_column_text]<span style=\"font-weight: 400;\">Hoy es un d\u00eda para recordar la lucha de siglos de mujeres en el \u00e1rea de la ciencia, la tecnolog\u00eda, los negocios, la sociedad. Mujeres como Ada Lovelace poseedora de un pensamiento francamente revolucionario para la \u00e9poca y cuyo legado hace posible la transformaciones que hoy seguimos experimentando.<\/span><\/p>\n<p><span style=\"font-weight: 400;\">Pero sobretodo creemos que es un momento para que nosotras, las empresas, nos miremos en profundidad. Es preciso preguntarnos sobre la inclusi\u00f3n y la diversidad m\u00e1s all\u00e1 del porcentaje que suponen las mujeres en las empresas, \u00bfLa diversidad forma parte de nuestra cultura? \u00bfTenemos suficientes l\u00edderes mujeres? \u00bfEstamos promoviendo la igualdad?<\/span><\/p>\n<p><span style=\"font-weight: 400;\">En este sentido hay mucho por hacer y cuando realmente sea un objetivo cumplido, seremos mejores de lo que jam\u00e1s hayamos sido antes. Porque personas de g\u00e9neros, razas y pensamientos diferentes se sentir\u00e1n seguros en nuestras organizaciones, tendr\u00e1n m\u00e1s fe en sus habilidades, sabr\u00e1n que su voz ser\u00e1 escuchada y tomar\u00e1n parte en las decisiones del equipo.<\/span><\/p>\n<p><span style=\"font-weight: 400;\">La consecuencia ser\u00e1, por defecto, un clima apropiado para el debate, el desacuerdo, la discusi\u00f3n que enriquece y la certeza de que la contribuci\u00f3n puede venir de cualquier persona. Tambi\u00e9n sentiremos una mayor identificaci\u00f3n del equipo con los objetivos de la empresa.\u00a0<\/span><\/p>\n<p><span style=\"font-weight: 400;\">Las organizaciones ya no somos un reflejo social sino agentes del cambio y no debemos conformarnos con un incremento en las cuotas de representaci\u00f3n. M\u00e1s que la evoluci\u00f3n paulatina podemos agilizar el cambio. Podemos crear la disrupci\u00f3n.<\/span><\/p>\n<div id=\"attachment_6674\" style=\"width: 1034px\" class=\"wp-caption aligncenter\"><img aria-describedby=\"caption-attachment-6674\" decoding=\"async\" loading=\"lazy\" class=\"wp-image-6674 size-large\" src=\"https:\/\/interacso.com\/blog\/wp-content\/uploads\/2021\/03\/hyro-1024x768.jpg\" alt=\"\" width=\"1024\" height=\"768\" \/><p id=\"caption-attachment-6674\" class=\"wp-caption-text\">Reciprocidad de Hyro, con esta obra la artista quiso restar importancia a la condici\u00f3n biol\u00f3gica del individuo<\/p><\/div>\n[\/vc_column_text][\/vc_column][\/vc_row][vc_row type=\u00bbin_container\u00bb full_screen_row_position=\u00bbmiddle\u00bb scene_position=\u00bbcenter\u00bb text_color=\u00bbdark\u00bb text_align=\u00bbleft\u00bb overlay_strength=\u00bb0.3&#8243; shape_divider_position=\u00bbbottom\u00bb bg_image_animation=\u00bbnone\u00bb][vc_column column_padding=\u00bbno-extra-padding\u00bb column_padding_position=\u00bball\u00bb background_color_opacity=\u00bb1&#8243; background_hover_color_opacity=\u00bb1&#8243; column_link_target=\u00bb_self\u00bb column_shadow=\u00bbnone\u00bb column_border_radius=\u00bbnone\u00bb width=\u00bb1\/1&#8243; tablet_width_inherit=\u00bbdefault\u00bb tablet_text_alignment=\u00bbdefault\u00bb phone_text_alignment=\u00bbdefault\u00bb column_border_width=\u00bbnone\u00bb column_border_style=\u00bbsolid\u00bb bg_image_animation=\u00bbnone\u00bb][\/vc_column][\/vc_row]\n","protected":false},"excerpt":{"rendered":"<p>[vc_row type=\u00bbin_container\u00bb full_screen_row_position=\u00bbmiddle\u00bb scene_position=\u00bbcenter\u00bb text_color=\u00bbdark\u00bb text_align=\u00bbleft\u00bb class=\u00bbpost-row-center\u00bb overlay_strength=\u00bb0.3&#8243; shape_divider_position=\u00bbbottom\u00bb bg_image_animation=\u00bbnone\u00bb shape_type=\u00bb\u00bb][vc_column column_padding=\u00bbno-extra-padding\u00bb column_padding_position=\u00bball\u00bb background_color_opacity=\u00bb1&#8243; background_hover_color_opacity=\u00bb1&#8243; column_link_target=\u00bb_self\u00bb column_shadow=\u00bbnone\u00bb column_border_radius=\u00bbnone\u00bb width=\u00bb4\/5&#8243; tablet_width_inherit=\u00bbdefault\u00bb tablet_text_alignment=\u00bbdefault\u00bb phone_text_alignment=\u00bbdefault\u00bb column_border_width=\u00bbnone\u00bb column_border_style=\u00bbsolid\u00bb bg_image_animation=\u00bbnone\u00bb][vc_column_text]Hoy&#8230;<\/p>\n","protected":false},"author":5,"featured_media":6674,"comment_status":"closed","ping_status":"open","sticky":false,"template":"","format":"standard","meta":[],"categories":[1,2],"tags":[192,36,191,85,138,61,194,37,193,39,45,102],"yoast_head":"<!-- This site is optimized with the Yoast SEO plugin v20.11 - https:\/\/yoast.com\/wordpress\/plugins\/seo\/ -->\n<title>La diversidad m\u00e1s all\u00e1 del n\u00famero - Blog de Interacso<\/title>\n<meta name=\"robots\" content=\"index, follow, max-snippet:-1, max-image-preview:large, max-video-preview:-1\" \/>\n<link rel=\"canonical\" href=\"https:\/\/interacso.com\/blog\/2021\/03\/08\/la-diversidad-mas-alla-del-numero\/\" \/>\n<meta property=\"og:locale\" content=\"es_ES\" \/>\n<meta property=\"og:type\" content=\"article\" \/>\n<meta property=\"og:title\" content=\"La diversidad m\u00e1s all\u00e1 del n\u00famero - Blog de Interacso\" \/>\n<meta property=\"og:description\" content=\"[vc_row type=\u00bbin_container\u00bb full_screen_row_position=\u00bbmiddle\u00bb scene_position=\u00bbcenter\u00bb text_color=\u00bbdark\u00bb text_align=\u00bbleft\u00bb class=\u00bbpost-row-center\u00bb overlay_strength=\u00bb0.3&#8243; shape_divider_position=\u00bbbottom\u00bb bg_image_animation=\u00bbnone\u00bb shape_type=\u00bb\u00bb][vc_column column_padding=\u00bbno-extra-padding\u00bb column_padding_position=\u00bball\u00bb background_color_opacity=\u00bb1&#8243; background_hover_color_opacity=\u00bb1&#8243; column_link_target=\u00bb_self\u00bb column_shadow=\u00bbnone\u00bb column_border_radius=\u00bbnone\u00bb width=\u00bb4\/5&#8243; tablet_width_inherit=\u00bbdefault\u00bb tablet_text_alignment=\u00bbdefault\u00bb phone_text_alignment=\u00bbdefault\u00bb column_border_width=\u00bbnone\u00bb column_border_style=\u00bbsolid\u00bb bg_image_animation=\u00bbnone\u00bb][vc_column_text]Hoy...\" \/>\n<meta property=\"og:url\" content=\"https:\/\/interacso.com\/blog\/2021\/03\/08\/la-diversidad-mas-alla-del-numero\/\" \/>\n<meta property=\"og:site_name\" content=\"Blog de Interacso\" \/>\n<meta property=\"article:publisher\" content=\"https:\/\/www.facebook.com\/interacso\/\" \/>\n<meta property=\"article:published_time\" content=\"2021-03-08T10:07:24+00:00\" \/>\n<meta property=\"og:image\" content=\"https:\/\/interacso.com\/blog\/wp-content\/uploads\/2021\/03\/hyro-scaled-e1615197746207.jpg\" \/>\n\t<meta property=\"og:image:width\" content=\"2246\" \/>\n\t<meta property=\"og:image:height\" content=\"1510\" \/>\n\t<meta property=\"og:image:type\" content=\"image\/jpeg\" \/>\n<meta name=\"author\" content=\"Juan Toledo\" \/>\n<meta name=\"twitter:card\" content=\"summary_large_image\" \/>\n<meta name=\"twitter:creator\" content=\"@interacso\" \/>\n<meta name=\"twitter:site\" content=\"@interacso\" \/>\n<meta name=\"twitter:label1\" content=\"Written by\" \/>\n\t<meta name=\"twitter:data1\" content=\"Juan Toledo\" \/>\n\t<meta name=\"twitter:label2\" content=\"Est. reading time\" \/>\n\t<meta name=\"twitter:data2\" content=\"2 minutos\" \/>\n<script type=\"application\/ld+json\" class=\"yoast-schema-graph\">{\"@context\":\"https:\/\/schema.org\",\"@graph\":[{\"@type\":\"Article\",\"@id\":\"https:\/\/interacso.com\/blog\/2021\/03\/08\/la-diversidad-mas-alla-del-numero\/#article\",\"isPartOf\":{\"@id\":\"https:\/\/interacso.com\/blog\/2021\/03\/08\/la-diversidad-mas-alla-del-numero\/\"},\"author\":{\"name\":\"Juan Toledo\",\"@id\":\"https:\/\/interacso.com\/blog\/#\/schema\/person\/18abe475400a16c046dbcd24711d8039\"},\"headline\":\"La diversidad m\u00e1s all\u00e1 del n\u00famero\",\"datePublished\":\"2021-03-08T10:07:24+00:00\",\"dateModified\":\"2021-03-08T10:07:24+00:00\",\"mainEntityOfPage\":{\"@id\":\"https:\/\/interacso.com\/blog\/2021\/03\/08\/la-diversidad-mas-alla-del-numero\/\"},\"wordCount\":469,\"publisher\":{\"@id\":\"https:\/\/interacso.com\/blog\/#organization\"},\"keywords\":[\"8M\",\"desarrolladores\",\"DiaDeLaMujer\",\"digital\",\"diversidad\",\"empresa\",\"Equipo\",\"futuro\",\"Inclusi\u00f3n\",\"Interacso\",\"talento\",\"tecnolog\u00eda\"],\"articleSection\":[\"General\",\"Life@Interacso\"],\"inLanguage\":\"es\"},{\"@type\":\"WebPage\",\"@id\":\"https:\/\/interacso.com\/blog\/2021\/03\/08\/la-diversidad-mas-alla-del-numero\/\",\"url\":\"https:\/\/interacso.com\/blog\/2021\/03\/08\/la-diversidad-mas-alla-del-numero\/\",\"name\":\"La diversidad m\u00e1s all\u00e1 del n\u00famero - Blog de Interacso\",\"isPartOf\":{\"@id\":\"https:\/\/interacso.com\/blog\/#website\"},\"datePublished\":\"2021-03-08T10:07:24+00:00\",\"dateModified\":\"2021-03-08T10:07:24+00:00\",\"breadcrumb\":{\"@id\":\"https:\/\/interacso.com\/blog\/2021\/03\/08\/la-diversidad-mas-alla-del-numero\/#breadcrumb\"},\"inLanguage\":\"es\",\"potentialAction\":[{\"@type\":\"ReadAction\",\"target\":[\"https:\/\/interacso.com\/blog\/2021\/03\/08\/la-diversidad-mas-alla-del-numero\/\"]}]},{\"@type\":\"BreadcrumbList\",\"@id\":\"https:\/\/interacso.com\/blog\/2021\/03\/08\/la-diversidad-mas-alla-del-numero\/#breadcrumb\",\"itemListElement\":[{\"@type\":\"ListItem\",\"position\":1,\"name\":\"Home\",\"item\":\"https:\/\/interacso.com\/blog\/\"},{\"@type\":\"ListItem\",\"position\":2,\"name\":\"La diversidad m\u00e1s all\u00e1 del n\u00famero\"}]},{\"@type\":\"WebSite\",\"@id\":\"https:\/\/interacso.com\/blog\/#website\",\"url\":\"https:\/\/interacso.com\/blog\/\",\"name\":\"Blog de Interacso\",\"description\":\"Transformaci\u00f3n digital, innovaci\u00f3n y cultura digital\",\"publisher\":{\"@id\":\"https:\/\/interacso.com\/blog\/#organization\"},\"potentialAction\":[{\"@type\":\"SearchAction\",\"target\":{\"@type\":\"EntryPoint\",\"urlTemplate\":\"https:\/\/interacso.com\/blog\/?s={search_term_string}\"},\"query-input\":\"required name=search_term_string\"}],\"inLanguage\":\"es\"},{\"@type\":\"Organization\",\"@id\":\"https:\/\/interacso.com\/blog\/#organization\",\"name\":\"interacso\",\"url\":\"https:\/\/interacso.com\/blog\/\",\"logo\":{\"@type\":\"ImageObject\",\"inLanguage\":\"es\",\"@id\":\"https:\/\/interacso.com\/blog\/#\/schema\/logo\/image\/\",\"url\":\"https:\/\/blog.interacso.dev\/wp-content\/uploads\/2019\/05\/interacso_isotipo_blanco_slack_no_fil_no_margin_512px.png\",\"contentUrl\":\"https:\/\/blog.interacso.dev\/wp-content\/uploads\/2019\/05\/interacso_isotipo_blanco_slack_no_fil_no_margin_512px.png\",\"width\":512,\"height\":512,\"caption\":\"interacso\"},\"image\":{\"@id\":\"https:\/\/interacso.com\/blog\/#\/schema\/logo\/image\/\"},\"sameAs\":[\"https:\/\/www.facebook.com\/interacso\/\",\"https:\/\/twitter.com\/interacso\",\"https:\/\/instagram.com\/interacso_\/\",\"https:\/\/www.linkedin.com\/company\/interacso\/\",\"https:\/\/www.youtube.com\/user\/interacso\"]},{\"@type\":\"Person\",\"@id\":\"https:\/\/interacso.com\/blog\/#\/schema\/person\/18abe475400a16c046dbcd24711d8039\",\"name\":\"Juan Toledo\",\"image\":{\"@type\":\"ImageObject\",\"inLanguage\":\"es\",\"@id\":\"https:\/\/interacso.com\/blog\/#\/schema\/person\/image\/\",\"url\":\"https:\/\/secure.gravatar.com\/avatar\/4e10c7c30b3348a70448ddf48765a7ef?s=96&d=mm&r=g\",\"contentUrl\":\"https:\/\/secure.gravatar.com\/avatar\/4e10c7c30b3348a70448ddf48765a7ef?s=96&d=mm&r=g\",\"caption\":\"Juan Toledo\"},\"url\":\"https:\/\/interacso.com\/blog\/author\/juan\/\"}]}<\/script>\n<!-- \/ Yoast SEO plugin. -->","yoast_head_json":{"title":"La diversidad m\u00e1s all\u00e1 del n\u00famero - Blog de Interacso","robots":{"index":"index","follow":"follow","max-snippet":"max-snippet:-1","max-image-preview":"max-image-preview:large","max-video-preview":"max-video-preview:-1"},"canonical":"https:\/\/interacso.com\/blog\/2021\/03\/08\/la-diversidad-mas-alla-del-numero\/","og_locale":"es_ES","og_type":"article","og_title":"La diversidad m\u00e1s all\u00e1 del n\u00famero - Blog de Interacso","og_description":"[vc_row type=\u00bbin_container\u00bb full_screen_row_position=\u00bbmiddle\u00bb scene_position=\u00bbcenter\u00bb text_color=\u00bbdark\u00bb text_align=\u00bbleft\u00bb class=\u00bbpost-row-center\u00bb overlay_strength=\u00bb0.3&#8243; shape_divider_position=\u00bbbottom\u00bb bg_image_animation=\u00bbnone\u00bb shape_type=\u00bb\u00bb][vc_column column_padding=\u00bbno-extra-padding\u00bb column_padding_position=\u00bball\u00bb background_color_opacity=\u00bb1&#8243; background_hover_color_opacity=\u00bb1&#8243; column_link_target=\u00bb_self\u00bb column_shadow=\u00bbnone\u00bb column_border_radius=\u00bbnone\u00bb width=\u00bb4\/5&#8243; tablet_width_inherit=\u00bbdefault\u00bb tablet_text_alignment=\u00bbdefault\u00bb phone_text_alignment=\u00bbdefault\u00bb column_border_width=\u00bbnone\u00bb column_border_style=\u00bbsolid\u00bb bg_image_animation=\u00bbnone\u00bb][vc_column_text]Hoy...","og_url":"https:\/\/interacso.com\/blog\/2021\/03\/08\/la-diversidad-mas-alla-del-numero\/","og_site_name":"Blog de Interacso","article_publisher":"https:\/\/www.facebook.com\/interacso\/","article_published_time":"2021-03-08T10:07:24+00:00","og_image":[{"width":2246,"height":1510,"url":"https:\/\/interacso.com\/blog\/wp-content\/uploads\/2021\/03\/hyro-scaled-e1615197746207.jpg","type":"image\/jpeg"}],"author":"Juan Toledo","twitter_card":"summary_large_image","twitter_creator":"@interacso","twitter_site":"@interacso","twitter_misc":{"Written by":"Juan Toledo","Est. reading time":"2 minutos"},"schema":{"@context":"https:\/\/schema.org","@graph":[{"@type":"Article","@id":"https:\/\/interacso.com\/blog\/2021\/03\/08\/la-diversidad-mas-alla-del-numero\/#article","isPartOf":{"@id":"https:\/\/interacso.com\/blog\/2021\/03\/08\/la-diversidad-mas-alla-del-numero\/"},"author":{"name":"Juan Toledo","@id":"https:\/\/interacso.com\/blog\/#\/schema\/person\/18abe475400a16c046dbcd24711d8039"},"headline":"La diversidad m\u00e1s all\u00e1 del n\u00famero","datePublished":"2021-03-08T10:07:24+00:00","dateModified":"2021-03-08T10:07:24+00:00","mainEntityOfPage":{"@id":"https:\/\/interacso.com\/blog\/2021\/03\/08\/la-diversidad-mas-alla-del-numero\/"},"wordCount":469,"publisher":{"@id":"https:\/\/interacso.com\/blog\/#organization"},"keywords":["8M","desarrolladores","DiaDeLaMujer","digital","diversidad","empresa","Equipo","futuro","Inclusi\u00f3n","Interacso","talento","tecnolog\u00eda"],"articleSection":["General","Life@Interacso"],"inLanguage":"es"},{"@type":"WebPage","@id":"https:\/\/interacso.com\/blog\/2021\/03\/08\/la-diversidad-mas-alla-del-numero\/","url":"https:\/\/interacso.com\/blog\/2021\/03\/08\/la-diversidad-mas-alla-del-numero\/","name":"La diversidad m\u00e1s all\u00e1 del n\u00famero - Blog de Interacso","isPartOf":{"@id":"https:\/\/interacso.com\/blog\/#website"},"datePublished":"2021-03-08T10:07:24+00:00","dateModified":"2021-03-08T10:07:24+00:00","breadcrumb":{"@id":"https:\/\/interacso.com\/blog\/2021\/03\/08\/la-diversidad-mas-alla-del-numero\/#breadcrumb"},"inLanguage":"es","potentialAction":[{"@type":"ReadAction","target":["https:\/\/interacso.com\/blog\/2021\/03\/08\/la-diversidad-mas-alla-del-numero\/"]}]},{"@type":"BreadcrumbList","@id":"https:\/\/interacso.com\/blog\/2021\/03\/08\/la-diversidad-mas-alla-del-numero\/#breadcrumb","itemListElement":[{"@type":"ListItem","position":1,"name":"Home","item":"https:\/\/interacso.com\/blog\/"},{"@type":"ListItem","position":2,"name":"La diversidad m\u00e1s all\u00e1 del n\u00famero"}]},{"@type":"WebSite","@id":"https:\/\/interacso.com\/blog\/#website","url":"https:\/\/interacso.com\/blog\/","name":"Blog de Interacso","description":"Transformaci\u00f3n digital, innovaci\u00f3n y cultura digital","publisher":{"@id":"https:\/\/interacso.com\/blog\/#organization"},"potentialAction":[{"@type":"SearchAction","target":{"@type":"EntryPoint","urlTemplate":"https:\/\/interacso.com\/blog\/?s={search_term_string}"},"query-input":"required name=search_term_string"}],"inLanguage":"es"},{"@type":"Organization","@id":"https:\/\/interacso.com\/blog\/#organization","name":"interacso","url":"https:\/\/interacso.com\/blog\/","logo":{"@type":"ImageObject","inLanguage":"es","@id":"https:\/\/interacso.com\/blog\/#\/schema\/logo\/image\/","url":"https:\/\/blog.interacso.dev\/wp-content\/uploads\/2019\/05\/interacso_isotipo_blanco_slack_no_fil_no_margin_512px.png","contentUrl":"https:\/\/blog.interacso.dev\/wp-content\/uploads\/2019\/05\/interacso_isotipo_blanco_slack_no_fil_no_margin_512px.png","width":512,"height":512,"caption":"interacso"},"image":{"@id":"https:\/\/interacso.com\/blog\/#\/schema\/logo\/image\/"},"sameAs":["https:\/\/www.facebook.com\/interacso\/","https:\/\/twitter.com\/interacso","https:\/\/instagram.com\/interacso_\/","https:\/\/www.linkedin.com\/company\/interacso\/","https:\/\/www.youtube.com\/user\/interacso"]},{"@type":"Person","@id":"https:\/\/interacso.com\/blog\/#\/schema\/person\/18abe475400a16c046dbcd24711d8039","name":"Juan Toledo","image":{"@type":"ImageObject","inLanguage":"es","@id":"https:\/\/interacso.com\/blog\/#\/schema\/person\/image\/","url":"https:\/\/secure.gravatar.com\/avatar\/4e10c7c30b3348a70448ddf48765a7ef?s=96&d=mm&r=g","contentUrl":"https:\/\/secure.gravatar.com\/avatar\/4e10c7c30b3348a70448ddf48765a7ef?s=96&d=mm&r=g","caption":"Juan Toledo"},"url":"https:\/\/interacso.com\/blog\/author\/juan\/"}]}},"_links":{"self":[{"href":"https:\/\/interacso.com\/blog\/wp-json\/wp\/v2\/posts\/6672"}],"collection":[{"href":"https:\/\/interacso.com\/blog\/wp-json\/wp\/v2\/posts"}],"about":[{"href":"https:\/\/interacso.com\/blog\/wp-json\/wp\/v2\/types\/post"}],"author":[{"embeddable":true,"href":"https:\/\/interacso.com\/blog\/wp-json\/wp\/v2\/users\/5"}],"replies":[{"embeddable":true,"href":"https:\/\/interacso.com\/blog\/wp-json\/wp\/v2\/comments?post=6672"}],"version-history":[{"count":9,"href":"https:\/\/interacso.com\/blog\/wp-json\/wp\/v2\/posts\/6672\/revisions"}],"predecessor-version":[{"id":6684,"href":"https:\/\/interacso.com\/blog\/wp-json\/wp\/v2\/posts\/6672\/revisions\/6684"}],"wp:featuredmedia":[{"embeddable":true,"href":"https:\/\/interacso.com\/blog\/wp-json\/wp\/v2\/media\/6674"}],"wp:attachment":[{"href":"https:\/\/interacso.com\/blog\/wp-json\/wp\/v2\/media?parent=6672"}],"wp:term":[{"taxonomy":"category","embeddable":true,"href":"https:\/\/interacso.com\/blog\/wp-json\/wp\/v2\/categories?post=6672"},{"taxonomy":"post_tag","embeddable":true,"href":"https:\/\/interacso.com\/blog\/wp-json\/wp\/v2\/tags?post=6672"}],"curies":[{"name":"wp","href":"https:\/\/api.w.org\/{rel}","templated":true}]}}